{"id":11,"__str__":"2\u00aa Audi\u00eancia P\u00fablica de 2025 da Comiss\u00e3o de Educa\u00e7\u00e3o, Sa\u00fade e Assist\u00eancia.","link_detail_backend":"/audiencia/11","metadata":{},"numero":4,"ano":2025,"nome":"2\u00aa Audi\u00eancia P\u00fablica de 2025 da Comiss\u00e3o de Educa\u00e7\u00e3o, Sa\u00fade e Assist\u00eancia.","tema":"Presta\u00e7\u00e3o de contas e servi\u00e7os da Secretaria Municipal de Sa\u00fade","data":"2025-05-29","hora_inicio":"17:00","hora_fim":"","observacao":"","audiencia_cancelada":false,"url_audio":"","url_video":"https://www.youtube.com/watch?v=YAATbLy_AiA","upload_pauta":null,"upload_ata":"http://sapl.guaira.pr.leg.br/media/sapl/public/audienciapublica/11/ata/ata_04_audiencia_publica_saude_-_29-05-2025.pdf","upload_anexo":null,"materia":null,"tipo":1,"parlamentar_autor":null,"requerimento":null}