{"id":2383,"__str__":"Parecer Constitui\u00e7\u00e3o (CCLJ) n\u00ba 7 de 2026","link_detail_backend":"/materia/2383","metadata":{},"numero":7,"ano":2026,"numero_protocolo":null,"data_apresentacao":"2026-03-04","tipo_apresentacao":"E","data_publicacao":null,"numero_origem_externa":"","ano_origem_externa":null,"data_origem_externa":null,"apelido":"","dias_prazo":null,"data_fim_prazo":null,"em_tramitacao":false,"polemica":false,"objeto":"","complementar":false,"ementa":"Projeto de Lei n\u00ba 11/2026. Altera carga hor\u00e1ria e atribui\u00e7\u00f5es do cargo efetivo de contador. Cria o cargo em comiss\u00e3o de Coordenador de M\u00eddias Sociais. Emenda n\u00ba 01/2026. Inclui atribui\u00e7\u00e3o no cargo em comiss\u00e3o de Assessor da Procuradoria da Mulher. Altera nomenclatura dos cargos efetivos de Analista Legislativo/Direito e Analista Legislativo/Imprensa. Adequa\u00e7\u00e3o do cargo de contador as novas tecnologias e legisla\u00e7\u00f5es. Necessidade de adequa\u00e7\u00e3o em aten\u00e7\u00e3o ao Decreto Federal n\u00ba 10.540/2020. M\u00eddias Sociais. Comunica\u00e7\u00e3o do S\u00e9culo XXI. Profissionaliza\u00e7\u00e3o dos meios de comunica\u00e7\u00e3o da C\u00e2mara Municipal de Gua\u00edra. Iniciativa privativa da Mesa Diretiva. Constitucionalidade formal e material. Atendimento ao princ\u00edpio da legalidade. Voto favor\u00e1vel do relator. Decis\u00e3o un\u00e2nime da Comiss\u00e3o de Constitui\u00e7\u00e3o, Legisla\u00e7\u00e3o e Justi\u00e7a pela aprova\u00e7\u00e3o do projeto.","indexacao":"","observacao":"","resultado":"","texto_original":"http://sapl.guaira.pr.leg.br/media/sapl/public/materialegislativa/2026/2383/parecer_07.2026_-_pl_11.2026.pdf","data_ultima_atualizacao":"2026-03-05T14:23:37.814682-03:00","ip":"177.23.196.244","ultima_edicao":"2026-03-05T14:23:00.941673-03:00","tipo":11,"regime_tramitacao":5,"tipo_origem_externa":null,"local_origem_externa":null,"user":2,"anexadas":[],"autores":[1]}